{"id":3507,"date":"2020-06-12T11:50:33","date_gmt":"2020-06-12T11:50:33","guid":{"rendered":"http:\/\/dxyqq.w4yserver.at\/WP1\/take-the-square\/"},"modified":"2020-07-26T19:07:59","modified_gmt":"2020-07-26T19:07:59","slug":"take_the_square","status":"publish","type":"post","link":"https:\/\/www.ressler.at\/de\/take_the_square\/","title":{"rendered":"Take The Square"},"content":{"rendered":"\n<h3 class=\"wp-block-heading\">Eine 3-Kanal-Videoinstallation von Oliver Ressler<\/h3>\n\n\n\n<p>89 min. (gesamt), HD, AT 2012<\/p>\n\n\n\n<p>Die 2011 aufgekommenen Platzbesetzungsbewegungen und die Occupy Bewegung k\u00f6nnen als eine Reaktion von Menschen gesehen werden, die sich gegen die massive Zunahme gesellschaftlicher Ungleichheiten und den Abbau von Demokratie in Zeiten der globalen Finanz- und Wirtschaftskrise zur Wehr setzen. Die Platzbesetzungsbewegungen sind nicht-hierarchisch strukturiert, sie wenden sich gegen jede Art der Repr\u00e4sentation; ihre Aktivit\u00e4ten werden auf direkt-demokratische Weise bestimmt. Die Besetzung von \u00f6ffentlichen Pl\u00e4tzen dient dabei als Katalysator f\u00fcr die Herausbildung von Demonstrationen, Generalstreiks, Versammlungen und Arbeitsgruppen zu unterschiedlichen Schwerpunkten. Erfolgreiche Platzbesetzungen an einem Ort inspirieren oftmals Besetzungen in anderen St\u00e4dten, ohne dass diese in einem linearen Verh\u00e4ltnis zueinander stehen.<\/p>\n\n\n\n<figure class=\"wp-block-image size-large\"><img loading=\"lazy\" decoding=\"async\" width=\"1024\" height=\"681\" src=\"https:\/\/www.ressler.at\/wp-content\/uploads\/2020\/06\/Take_The_Square_Quebec_Manifdart_05-1024x681.jpg\" alt=\"\" class=\"wp-image-1223\" srcset=\"https:\/\/www.ressler.at\/wp-content\/uploads\/2020\/06\/Take_The_Square_Quebec_Manifdart_05-1024x681.jpg 1024w, https:\/\/www.ressler.at\/wp-content\/uploads\/2020\/06\/Take_The_Square_Quebec_Manifdart_05-300x200.jpg 300w, https:\/\/www.ressler.at\/wp-content\/uploads\/2020\/06\/Take_The_Square_Quebec_Manifdart_05-768x511.jpg 768w, https:\/\/www.ressler.at\/wp-content\/uploads\/2020\/06\/Take_The_Square_Quebec_Manifdart_05-1536x1022.jpg 1536w, https:\/\/www.ressler.at\/wp-content\/uploads\/2020\/06\/Take_The_Square_Quebec_Manifdart_05-2048x1363.jpg 2048w, https:\/\/www.ressler.at\/wp-content\/uploads\/2020\/06\/Take_The_Square_Quebec_Manifdart_05-1920x1278.jpg 1920w, https:\/\/www.ressler.at\/wp-content\/uploads\/2020\/06\/Take_The_Square_Quebec_Manifdart_05-1210x805.jpg 1210w, https:\/\/www.ressler.at\/wp-content\/uploads\/2020\/06\/Take_The_Square_Quebec_Manifdart_05-1150x765.jpg 1150w, https:\/\/www.ressler.at\/wp-content\/uploads\/2020\/06\/Take_The_Square_Quebec_Manifdart_05-834x555.jpg 834w, https:\/\/www.ressler.at\/wp-content\/uploads\/2020\/06\/Take_The_Square_Quebec_Manifdart_05-414x276.jpg 414w, https:\/\/www.ressler.at\/wp-content\/uploads\/2020\/06\/Take_The_Square_Quebec_Manifdart_05-360x240.jpg 360w\" sizes=\"auto, (max-width: 1024px) 100vw, 1024px\" \/><figcaption>\u201cTake The Square\u201d. Installation view: \u201cResistance\u201d, Manif d&#8217;art 7 \u2013 The Qu\u00e9bec City biennial, Qu\u00e9bec, 2014<\/figcaption><\/figure>\n\n\n\n<p>Die 3-Kanal Videoinstallation \u201eTake The Square\u201c (Besetzt den Platz) basiert auf Gespr\u00e4chsrunden, die mit Aktivist_innen von 15M in Madrid, der Syntagma-Platz-Bewegung in Athen und Occupy Wall Street in New York gef\u00fchrt und gefilmt wurden. In Anlehnung an die bestehenden Arbeitsgruppen der Protestbewegungen diskutieren jeweils vier bis sechs Aktivist_innen als Gruppe miteinander. In den Gespr\u00e4chen geht es um Fragen der Organisierung, horizontale Entscheidungsfindungsprozesse, die Bedeutung und Funktion von Besetzungen \u00f6ffentlicher R\u00e4ume und wie gesellschaftlicher Wandel ablaufen kann. Gedreht wurde im Fr\u00fchling 2012 an jenen Pl\u00e4tzen, die von den Platzbesetzungsbewegungen f\u00fcr Versammlungen und Arbeitsgruppen benutzt werden: Am Plaza de Pontejos, einem ruhigen Platz in unmittelbarer Nachbarschaft zum zentralen Puerta del Sol in Madrid; am Plaza de la Corrala, einem Treffpunkt der Nachbarschaftsversammlung von Lavapi\u00e8s in Madrid; am Syntagma-Platz, dem zentralen Versammlungs- und Demonstrationsplatz vor dem Parlament in Athen; und im Central Park in New York, wo Occupy Wall Street das \u201eSpring Awakening 2012\u201c abhielt.<\/p>\n\n\n\n<figure class=\"wp-block-image size-large\"><img loading=\"lazy\" decoding=\"async\" width=\"1024\" height=\"683\" src=\"https:\/\/www.ressler.at\/wp-content\/uploads\/2020\/06\/Take_The_Square_Centre_Pompidou_Paris_05-1024x683.jpg\" alt=\"\" class=\"wp-image-1328\" srcset=\"https:\/\/www.ressler.at\/wp-content\/uploads\/2020\/06\/Take_The_Square_Centre_Pompidou_Paris_05-1024x683.jpg 1024w, https:\/\/www.ressler.at\/wp-content\/uploads\/2020\/06\/Take_The_Square_Centre_Pompidou_Paris_05-300x200.jpg 300w, https:\/\/www.ressler.at\/wp-content\/uploads\/2020\/06\/Take_The_Square_Centre_Pompidou_Paris_05-768x512.jpg 768w, https:\/\/www.ressler.at\/wp-content\/uploads\/2020\/06\/Take_The_Square_Centre_Pompidou_Paris_05-1536x1024.jpg 1536w, https:\/\/www.ressler.at\/wp-content\/uploads\/2020\/06\/Take_The_Square_Centre_Pompidou_Paris_05-2048x1365.jpg 2048w, https:\/\/www.ressler.at\/wp-content\/uploads\/2020\/06\/Take_The_Square_Centre_Pompidou_Paris_05-1920x1280.jpg 1920w, https:\/\/www.ressler.at\/wp-content\/uploads\/2020\/06\/Take_The_Square_Centre_Pompidou_Paris_05-1210x807.jpg 1210w, https:\/\/www.ressler.at\/wp-content\/uploads\/2020\/06\/Take_The_Square_Centre_Pompidou_Paris_05-1150x767.jpg 1150w, https:\/\/www.ressler.at\/wp-content\/uploads\/2020\/06\/Take_The_Square_Centre_Pompidou_Paris_05-834x556.jpg 834w, https:\/\/www.ressler.at\/wp-content\/uploads\/2020\/06\/Take_The_Square_Centre_Pompidou_Paris_05-414x276.jpg 414w, https:\/\/www.ressler.at\/wp-content\/uploads\/2020\/06\/Take_The_Square_Centre_Pompidou_Paris_05-360x240.jpg 360w\" sizes=\"auto, (max-width: 1024px) 100vw, 1024px\" \/><figcaption>\u201cTake The Square\u201d. Installation view: \u201cHors Pistes \u2013 Une autre mouvement des images: L\u2019art de la r\u00e9volte\u201d, Centre Pompidou, Paris, 2016<\/figcaption><\/figure>\n\n\n\n<div class=\"alignnormal\"><div id=\"metaslider-id-737\" style=\"width: 100%;\" class=\"ml-slider-3-108-0 metaslider metaslider-flex metaslider-737 ml-slider ms-theme-architekt nav-hidden\" role=\"region\" aria-label=\"take-the-square\" data-height=\"394\" data-width=\"700\">\n    <div id=\"metaslider_container_737\">\n        <div id=\"metaslider_737\">\n            <ul class='slides'>\n                <li style=\"display: block; width: 100%;\" class=\"slide-1267 ms-image \" aria-roledescription=\"slide\" data-date=\"2020-06-12 11:32:36\" data-filename=\"BOZAR-Resist-2251--scaled-700x394.jpg\" data-slide-type=\"image\"><img loading=\"lazy\" decoding=\"async\" src=\"https:\/\/www.ressler.at\/wp-content\/uploads\/2020\/06\/BOZAR-Resist-2251--scaled-700x394.jpg\" height=\"394\" width=\"700\" alt=\"\" class=\"slider-737 slide-1267 msDefaultImage\" title=\"BOZAR Resist 2251\" \/><div class=\"caption-wrap\"><div class=\"caption\">\u201cTake The Square\u201d. Installation view: \u201cRESIST! The 1960\u2019s protests, photography and visual legacy\u201d, Centre for Fine Arts \u2013 BOZAR, Brussels, 2018. Photo \u00a9 Philippe De Gobert<\/div><\/div><\/li>\n                <li style=\"display: none; width: 100%;\" class=\"slide-1268 ms-image \" aria-roledescription=\"slide\" data-date=\"2020-06-12 11:32:36\" data-filename=\"Take_The_Square_Athens_22-700x394.jpg\" data-slide-type=\"image\"><img loading=\"lazy\" decoding=\"async\" src=\"https:\/\/www.ressler.at\/wp-content\/uploads\/2020\/06\/Take_The_Square_Athens_22-700x394.jpg\" height=\"394\" width=\"700\" alt=\"\" class=\"slider-737 slide-1268 msDefaultImage\" title=\"Take_The_Square_Athens_22\" \/><div class=\"caption-wrap\"><div class=\"caption\">\"Take The Square\" - Athens, still<\/div><\/div><\/li>\n                <li style=\"display: none; width: 100%;\" class=\"slide-1269 ms-image \" aria-roledescription=\"slide\" data-date=\"2020-06-12 11:32:36\" data-filename=\"Take_The_Square_Athens_24-700x394.jpg\" data-slide-type=\"image\"><img loading=\"lazy\" decoding=\"async\" src=\"https:\/\/www.ressler.at\/wp-content\/uploads\/2020\/06\/Take_The_Square_Athens_24-700x394.jpg\" height=\"394\" width=\"700\" alt=\"\" class=\"slider-737 slide-1269 msDefaultImage\" title=\"Take_The_Square_Athens_24\" \/><div class=\"caption-wrap\"><div class=\"caption\">\"Take The Square\" - Athens, still<\/div><\/div><\/li>\n                <li style=\"display: none; width: 100%;\" class=\"slide-1270 ms-image \" aria-roledescription=\"slide\" data-date=\"2020-06-12 11:32:36\" data-filename=\"Take_The_Square_Athens_27-700x394.jpg\" data-slide-type=\"image\"><img loading=\"lazy\" decoding=\"async\" src=\"https:\/\/www.ressler.at\/wp-content\/uploads\/2020\/06\/Take_The_Square_Athens_27-700x394.jpg\" height=\"394\" width=\"700\" alt=\"\" class=\"slider-737 slide-1270 msDefaultImage\" title=\"Take_The_Square_Athens_27\" \/><div class=\"caption-wrap\"><div class=\"caption\">\"Take The Square\" - Athens, still<\/div><\/div><\/li>\n                <li style=\"display: none; width: 100%;\" class=\"slide-1271 ms-image \" aria-roledescription=\"slide\" data-date=\"2020-06-12 11:32:36\" data-filename=\"Take_The_Square_Athens_32-700x394.jpg\" data-slide-type=\"image\"><img loading=\"lazy\" decoding=\"async\" src=\"https:\/\/www.ressler.at\/wp-content\/uploads\/2020\/06\/Take_The_Square_Athens_32-700x394.jpg\" height=\"394\" width=\"700\" alt=\"\" class=\"slider-737 slide-1271 msDefaultImage\" title=\"Take_The_Square_Athens_32\" \/><div class=\"caption-wrap\"><div class=\"caption\">\"Take The Square\" - Athens, still<\/div><\/div><\/li>\n                <li style=\"display: none; width: 100%;\" class=\"slide-1272 ms-image \" aria-roledescription=\"slide\" data-date=\"2020-06-12 11:32:37\" data-filename=\"Take_The_Square_Athens_36-700x394.jpg\" data-slide-type=\"image\"><img loading=\"lazy\" decoding=\"async\" src=\"https:\/\/www.ressler.at\/wp-content\/uploads\/2020\/06\/Take_The_Square_Athens_36-700x394.jpg\" height=\"394\" width=\"700\" alt=\"\" class=\"slider-737 slide-1272 msDefaultImage\" title=\"Take_The_Square_Athens_36\" \/><div class=\"caption-wrap\"><div class=\"caption\">\"Take The Square\" - Athens, still<\/div><\/div><\/li>\n                <li style=\"display: none; width: 100%;\" class=\"slide-1273 ms-image \" aria-roledescription=\"slide\" data-date=\"2020-06-12 11:32:37\" data-filename=\"Take_The_Square_Madrid_02-700x394.jpg\" data-slide-type=\"image\"><img loading=\"lazy\" decoding=\"async\" src=\"https:\/\/www.ressler.at\/wp-content\/uploads\/2020\/06\/Take_The_Square_Madrid_02-700x394.jpg\" height=\"394\" width=\"700\" alt=\"\" class=\"slider-737 slide-1273 msDefaultImage\" title=\"Take_The_Square_Madrid_02\" \/><div class=\"caption-wrap\"><div class=\"caption\">\"Take The Square\" - Madrid, still<\/div><\/div><\/li>\n                <li style=\"display: none; width: 100%;\" class=\"slide-1274 ms-image \" aria-roledescription=\"slide\" data-date=\"2020-06-12 11:32:37\" data-filename=\"Take_The_Square_Madrid_06-700x394.jpg\" data-slide-type=\"image\"><img loading=\"lazy\" decoding=\"async\" src=\"https:\/\/www.ressler.at\/wp-content\/uploads\/2020\/06\/Take_The_Square_Madrid_06-700x394.jpg\" height=\"394\" width=\"700\" alt=\"\" class=\"slider-737 slide-1274 msDefaultImage\" title=\"Take_The_Square_Madrid_06\" \/><div class=\"caption-wrap\"><div class=\"caption\">\"Take The Square\" - Madrid, still<\/div><\/div><\/li>\n                <li style=\"display: none; width: 100%;\" class=\"slide-1275 ms-image \" aria-roledescription=\"slide\" data-date=\"2020-06-12 11:32:37\" data-filename=\"Take_The_Square_Madrid_09-700x394.jpg\" data-slide-type=\"image\"><img loading=\"lazy\" decoding=\"async\" src=\"https:\/\/www.ressler.at\/wp-content\/uploads\/2020\/06\/Take_The_Square_Madrid_09-700x394.jpg\" height=\"394\" width=\"700\" alt=\"\" class=\"slider-737 slide-1275 msDefaultImage\" title=\"Take_The_Square_Madrid_09\" \/><div class=\"caption-wrap\"><div class=\"caption\">\"Take The Square\" - Madrid, still<\/div><\/div><\/li>\n                <li style=\"display: none; width: 100%;\" class=\"slide-1276 ms-image \" aria-roledescription=\"slide\" data-date=\"2020-06-12 11:32:37\" data-filename=\"Take_The_Square_Madrid_12-700x394.jpg\" data-slide-type=\"image\"><img loading=\"lazy\" decoding=\"async\" src=\"https:\/\/www.ressler.at\/wp-content\/uploads\/2020\/06\/Take_The_Square_Madrid_12-700x394.jpg\" height=\"394\" width=\"700\" alt=\"\" class=\"slider-737 slide-1276 msDefaultImage\" title=\"Take_The_Square_Madrid_12\" \/><div class=\"caption-wrap\"><div class=\"caption\">\"Take The Square\" - Madrid, still<\/div><\/div><\/li>\n                <li style=\"display: none; width: 100%;\" class=\"slide-1277 ms-image \" aria-roledescription=\"slide\" data-date=\"2020-06-12 11:32:37\" data-filename=\"Take_The_Square_Madrid_14-700x394.jpg\" data-slide-type=\"image\"><img loading=\"lazy\" decoding=\"async\" src=\"https:\/\/www.ressler.at\/wp-content\/uploads\/2020\/06\/Take_The_Square_Madrid_14-700x394.jpg\" height=\"394\" width=\"700\" alt=\"\" class=\"slider-737 slide-1277 msDefaultImage\" title=\"Take_The_Square_Madrid_14\" \/><div class=\"caption-wrap\"><div class=\"caption\">\"Take The Square\" - Madrid, still<\/div><\/div><\/li>\n                <li style=\"display: none; width: 100%;\" class=\"slide-1278 ms-image \" aria-roledescription=\"slide\" data-date=\"2020-06-12 11:32:37\" data-filename=\"Take_The_Square_Madrid_17-700x394.jpg\" data-slide-type=\"image\"><img loading=\"lazy\" decoding=\"async\" src=\"https:\/\/www.ressler.at\/wp-content\/uploads\/2020\/06\/Take_The_Square_Madrid_17-700x394.jpg\" height=\"394\" width=\"700\" alt=\"\" class=\"slider-737 slide-1278 msDefaultImage\" title=\"Take_The_Square_Madrid_17\" \/><div class=\"caption-wrap\"><div class=\"caption\">\"Take The Square\" - Madrid, still<\/div><\/div><\/li>\n                <li style=\"display: none; width: 100%;\" class=\"slide-1279 ms-image \" aria-roledescription=\"slide\" data-date=\"2020-06-12 11:32:37\" data-filename=\"Take_The_Square_Madrid_24-700x394.jpg\" data-slide-type=\"image\"><img loading=\"lazy\" decoding=\"async\" src=\"https:\/\/www.ressler.at\/wp-content\/uploads\/2020\/06\/Take_The_Square_Madrid_24-700x394.jpg\" height=\"394\" width=\"700\" alt=\"\" class=\"slider-737 slide-1279 msDefaultImage\" title=\"Take_The_Square_Madrid_24\" \/><div class=\"caption-wrap\"><div class=\"caption\">\"Take The Square\" - Madrid, still<\/div><\/div><\/li>\n                <li style=\"display: none; width: 100%;\" class=\"slide-1280 ms-image \" aria-roledescription=\"slide\" data-date=\"2020-06-12 11:32:37\" data-filename=\"Take_The_Square_Madrid_27-700x394.jpg\" data-slide-type=\"image\"><img loading=\"lazy\" decoding=\"async\" src=\"https:\/\/www.ressler.at\/wp-content\/uploads\/2020\/06\/Take_The_Square_Madrid_27-700x394.jpg\" height=\"394\" width=\"700\" alt=\"\" class=\"slider-737 slide-1280 msDefaultImage\" title=\"Take_The_Square_Madrid_27\" \/><div class=\"caption-wrap\"><div class=\"caption\">\"Take The Square\" - Madrid, still<\/div><\/div><\/li>\n                <li style=\"display: none; width: 100%;\" class=\"slide-1281 ms-image \" aria-roledescription=\"slide\" data-date=\"2020-06-12 11:32:37\" data-filename=\"Take_The_Square_Madrid_29-700x394.jpg\" data-slide-type=\"image\"><img loading=\"lazy\" decoding=\"async\" src=\"https:\/\/www.ressler.at\/wp-content\/uploads\/2020\/06\/Take_The_Square_Madrid_29-700x394.jpg\" height=\"394\" width=\"700\" alt=\"\" class=\"slider-737 slide-1281 msDefaultImage\" title=\"Take_The_Square_Madrid_29\" \/><div class=\"caption-wrap\"><div class=\"caption\">\"Take The Square\" - Madrid, still<\/div><\/div><\/li>\n                <li style=\"display: none; width: 100%;\" class=\"slide-1282 ms-image \" aria-roledescription=\"slide\" data-date=\"2020-06-12 11:32:37\" data-filename=\"Take_The_Square_New_York_08-700x394.jpg\" data-slide-type=\"image\"><img loading=\"lazy\" decoding=\"async\" src=\"https:\/\/www.ressler.at\/wp-content\/uploads\/2020\/06\/Take_The_Square_New_York_08-700x394.jpg\" height=\"394\" width=\"700\" alt=\"\" class=\"slider-737 slide-1282 msDefaultImage\" title=\"Take_The_Square_New_York_08\" \/><div class=\"caption-wrap\"><div class=\"caption\">\"Take The Square\" - New York, still<\/div><\/div><\/li>\n                <li style=\"display: none; width: 100%;\" class=\"slide-1283 ms-image \" aria-roledescription=\"slide\" data-date=\"2020-06-12 11:32:37\" data-filename=\"Take_The_Square_New_York_11-700x394.jpg\" data-slide-type=\"image\"><img loading=\"lazy\" decoding=\"async\" src=\"https:\/\/www.ressler.at\/wp-content\/uploads\/2020\/06\/Take_The_Square_New_York_11-700x394.jpg\" height=\"394\" width=\"700\" alt=\"\" class=\"slider-737 slide-1283 msDefaultImage\" title=\"Take_The_Square_New_York_11\" \/><div class=\"caption-wrap\"><div class=\"caption\">\"Take The Square\" - New York, still<\/div><\/div><\/li>\n                <li style=\"display: none; width: 100%;\" class=\"slide-1284 ms-image \" aria-roledescription=\"slide\" data-date=\"2020-06-12 11:32:37\" data-filename=\"Take_The_Square_New_York_21-700x394.jpg\" data-slide-type=\"image\"><img loading=\"lazy\" decoding=\"async\" src=\"https:\/\/www.ressler.at\/wp-content\/uploads\/2020\/06\/Take_The_Square_New_York_21-700x394.jpg\" height=\"394\" width=\"700\" alt=\"\" class=\"slider-737 slide-1284 msDefaultImage\" title=\"Take_The_Square_New_York_21\" \/><div class=\"caption-wrap\"><div class=\"caption\">\"Take The Square\" - New York, still<\/div><\/div><\/li>\n                <li style=\"display: none; width: 100%;\" class=\"slide-1285 ms-image \" aria-roledescription=\"slide\" data-date=\"2020-06-12 11:32:37\" data-filename=\"Take_The_Square_New_York_23-700x394.jpg\" data-slide-type=\"image\"><img loading=\"lazy\" decoding=\"async\" src=\"https:\/\/www.ressler.at\/wp-content\/uploads\/2020\/06\/Take_The_Square_New_York_23-700x394.jpg\" height=\"394\" width=\"700\" alt=\"\" class=\"slider-737 slide-1285 msDefaultImage\" title=\"Take_The_Square_New_York_23\" \/><div class=\"caption-wrap\"><div class=\"caption\">\"Take The Square\" - New York, still<\/div><\/div><\/li>\n                <li style=\"display: none; width: 100%;\" class=\"slide-1286 ms-image \" aria-roledescription=\"slide\" data-date=\"2020-06-12 11:32:37\" data-filename=\"Take_The_Square_New_York_46-700x394.jpg\" data-slide-type=\"image\"><img loading=\"lazy\" decoding=\"async\" src=\"https:\/\/www.ressler.at\/wp-content\/uploads\/2020\/06\/Take_The_Square_New_York_46-700x394.jpg\" height=\"394\" width=\"700\" alt=\"\" class=\"slider-737 slide-1286 msDefaultImage\" title=\"Take_The_Square_New_York_46\" \/><div class=\"caption-wrap\"><div class=\"caption\">\"Take The Square\" - New York, still<\/div><\/div><\/li>\n                <li style=\"display: none; width: 100%;\" class=\"slide-1287 ms-image \" aria-roledescription=\"slide\" data-date=\"2020-06-12 11:32:37\" data-filename=\"Wyspa_Political_Imaginaries_06_Take_the_Square-1-scaled-700x394.jpg\" data-slide-type=\"image\"><img loading=\"lazy\" decoding=\"async\" src=\"https:\/\/www.ressler.at\/wp-content\/uploads\/2020\/06\/Wyspa_Political_Imaginaries_06_Take_the_Square-1-scaled-700x394.jpg\" height=\"394\" width=\"700\" alt=\"\" class=\"slider-737 slide-1287 msDefaultImage\" title=\"SONY DSC\" \/><div class=\"caption-wrap\"><div class=\"caption\">\u201cTake The Square\u201d. Installation view: \u201cPolitical Imaginaries: Making the World Anew\u201d (solo show), Wyspa Institute of Art, Gdansk, 2014<\/div><\/div><\/li>\n            <\/ul>\n        <\/div>\n        \n    <\/div>\n<\/div><\/div>\n\n\n\n<p>In der insgesamt 88 Min. langen Videoinstallation werden diese Gespr\u00e4che zwischen Aktivist_innen aus drei f\u00fcr die Bewegung zentralen St\u00e4dten zusammengef\u00fcgt. \u201eF\u00fcr mich sind Respekt und Inklusion die sehr m\u00e4chtigen Mittel, mit denen wir unsere Macht horizontal ausbauen und wiedererlangen, ohne die Notwendigkeit von jemandem, der uns repr\u00e4sentiert,\u201c sagt Ayel\u00e9n von der Kollektiven Nachdenk-Arbeitsgruppe in Madrid. Diese Ablehnung der Repr\u00e4sentation schlie\u00dft zumeist auch die Parlamente ein; Menschen sollen politisiert und eingeladen werden, ihr Schicksal selber in die Hand zu nehmen. Babis Magoulas von der Besetzungsbewegung in Athen meint: \u201eEs ist der politische Prozess, aus dem der Mensch hervorgeht, der sich \u00fcber das Gemeingut Gedanken macht, der partizipiert, der die Politik nicht den \u201aExperten\u2019 \u00fcberl\u00e4sst, seien sie nun Syndikate oder politische Parteien. Und direkte Demokratie wurde nicht verh\u00e4ngt, sie wurde als einzige Form zusammenzukommen angewandt. W\u00e4re das nicht horizontal verlaufen, h\u00e4tte es keine Bedeutung.\u201c F\u00fcr Jen Waller von Occupy Wall Street entsteht dabei \u201edie erste B\u00fcrgerbewegung, die die herrschende Klasse zum Feind erkl\u00e4rt hat\u201c.<\/p>\n\n\n\n<p>\u201eTake The Square\u201c versucht einen Beitrag zu leisten, das organisatorische Wissen der Bewegungen zu verbreiten und \u00dcbersetzungsvorg\u00e4nge zwischen den Pl\u00e4tzen in Gang zu bringen.<\/p>\n\n\n\n<figure class=\"wp-block-image\"><img decoding=\"async\" src=\"https:\/\/www.ressler.at\/wp-content\/uploads\/2020\/06\/Take_The_Square_Reina_Sofia_74-1024x683.jpg\" alt=\"This image has an empty alt attribute; its file name is Take_The_Square_Reina_Sofia_74-1024x683.jpg\"\/><figcaption>\u201cTake The Square\u201d. Installation view: \u201cPlaygrounds\u201d, Museo Nacional Centro de Arte Reina Sof\u00eda, Madrid, 2014<\/figcaption><\/figure>\n\n\n\n<p><strong>Film version of &#8220;Take the Square&#8221;: <\/strong><\/p>\n\n\n\n<figure class=\"wp-block-embed-vimeo wp-block-embed is-type-video is-provider-vimeo wp-embed-aspect-16-9 wp-has-aspect-ratio\"><div class=\"wp-block-embed__wrapper\">\n<iframe loading=\"lazy\" title=\"Take The Square\" src=\"https:\/\/player.vimeo.com\/video\/48680002?dnt=1&amp;app_id=122963\" width=\"700\" height=\"394\" frameborder=\"0\" allow=\"autoplay; fullscreen\" allowfullscreen><\/iframe>\n<\/div><figcaption>\u201cTake The Square\u201d, 89 min., HD, AT 2012<\/figcaption><\/figure>\n\n\n\n<figure class=\"wp-block-image size-large\"><img loading=\"lazy\" decoding=\"async\" width=\"1024\" height=\"576\" src=\"https:\/\/www.ressler.at\/wp-content\/uploads\/2020\/06\/Take_The_Square_Madrid_16-1024x576.jpg\" alt=\"\" class=\"wp-image-1294\" srcset=\"https:\/\/www.ressler.at\/wp-content\/uploads\/2020\/06\/Take_The_Square_Madrid_16-1024x576.jpg 1024w, https:\/\/www.ressler.at\/wp-content\/uploads\/2020\/06\/Take_The_Square_Madrid_16-300x169.jpg 300w, https:\/\/www.ressler.at\/wp-content\/uploads\/2020\/06\/Take_The_Square_Madrid_16-768x432.jpg 768w, https:\/\/www.ressler.at\/wp-content\/uploads\/2020\/06\/Take_The_Square_Madrid_16-1536x864.jpg 1536w, https:\/\/www.ressler.at\/wp-content\/uploads\/2020\/06\/Take_The_Square_Madrid_16-439x247.jpg 439w, https:\/\/www.ressler.at\/wp-content\/uploads\/2020\/06\/Take_The_Square_Madrid_16-570x321.jpg 570w, https:\/\/www.ressler.at\/wp-content\/uploads\/2020\/06\/Take_The_Square_Madrid_16-1210x681.jpg 1210w, https:\/\/www.ressler.at\/wp-content\/uploads\/2020\/06\/Take_The_Square_Madrid_16-1150x647.jpg 1150w, https:\/\/www.ressler.at\/wp-content\/uploads\/2020\/06\/Take_The_Square_Madrid_16-834x469.jpg 834w, https:\/\/www.ressler.at\/wp-content\/uploads\/2020\/06\/Take_The_Square_Madrid_16-414x233.jpg 414w, https:\/\/www.ressler.at\/wp-content\/uploads\/2020\/06\/Take_The_Square_Madrid_16-360x203.jpg 360w, https:\/\/www.ressler.at\/wp-content\/uploads\/2020\/06\/Take_The_Square_Madrid_16.jpg 1920w\" sizes=\"auto, (max-width: 1024px) 100vw, 1024px\" \/><figcaption>\u201cTake The Square\u201d &#8211; Madrid, still<\/figcaption><\/figure>\n\n\n\n<figure class=\"wp-block-image size-large\"><img loading=\"lazy\" decoding=\"async\" width=\"1024\" height=\"576\" src=\"https:\/\/www.ressler.at\/wp-content\/uploads\/2020\/06\/Take_The_Square_New_York_01-1024x576.jpg\" alt=\"\" class=\"wp-image-1296\" srcset=\"https:\/\/www.ressler.at\/wp-content\/uploads\/2020\/06\/Take_The_Square_New_York_01-1024x576.jpg 1024w, https:\/\/www.ressler.at\/wp-content\/uploads\/2020\/06\/Take_The_Square_New_York_01-300x169.jpg 300w, https:\/\/www.ressler.at\/wp-content\/uploads\/2020\/06\/Take_The_Square_New_York_01-768x432.jpg 768w, https:\/\/www.ressler.at\/wp-content\/uploads\/2020\/06\/Take_The_Square_New_York_01-1536x864.jpg 1536w, https:\/\/www.ressler.at\/wp-content\/uploads\/2020\/06\/Take_The_Square_New_York_01-439x247.jpg 439w, https:\/\/www.ressler.at\/wp-content\/uploads\/2020\/06\/Take_The_Square_New_York_01-570x321.jpg 570w, https:\/\/www.ressler.at\/wp-content\/uploads\/2020\/06\/Take_The_Square_New_York_01-1210x681.jpg 1210w, https:\/\/www.ressler.at\/wp-content\/uploads\/2020\/06\/Take_The_Square_New_York_01-1150x647.jpg 1150w, https:\/\/www.ressler.at\/wp-content\/uploads\/2020\/06\/Take_The_Square_New_York_01-834x469.jpg 834w, https:\/\/www.ressler.at\/wp-content\/uploads\/2020\/06\/Take_The_Square_New_York_01-414x233.jpg 414w, https:\/\/www.ressler.at\/wp-content\/uploads\/2020\/06\/Take_The_Square_New_York_01-360x203.jpg 360w, https:\/\/www.ressler.at\/wp-content\/uploads\/2020\/06\/Take_The_Square_New_York_01.jpg 1920w\" sizes=\"auto, (max-width: 1024px) 100vw, 1024px\" \/><figcaption>\u201cTake The Square\u201d &#8211; New York, still<\/figcaption><\/figure>\n\n\n\n<p><\/p>\n\n\n\n<p style=\"color:#333333\" class=\"has-text-color has-small-font-size\">Regie und Produzent: Oliver Ressler<br>Ausf\u00fchrender Produzent: Rudolf Gottsberger | studioROT<br>Kamera: Thomas Parb, Rudolf Gottsberger<br>Schnitt: Oliver Ressler<br>Sounddesign, Tonmischung und Farbkorrektur: Rudolf Gottsberger<br>Teilnehmer_innen der Nachbarschaftsversammlung von Lavapi\u00e9s in Madrid: Adolfo Estalella, Luc\u00eda Guti\u00e9rrez, Ernesto Garc\u00eda L\u00f3pez, H\u00e9ctor Pojomovsky, Martha Viniegra<br>Teilnehmer_innen der Kollektiven Nachdenk-Arbeitsgruppe in Madrid: Amador, \u00c1lvaro, Ayel\u00e9n, David, Kiara, Rodrigo<br>Teilnehmer_innen der Diskussionsgruppe am Syntagma Platz in Athen: Christos Giovanopoulos, Leonidas Kaportsis, Stasa Kotara, Babis Magoulas, Spyros Niakas, Reggina Zervou<br>Teilnehmer_innen der Diskussionsgruppe im Central Park in New York: Nicole Carty, Austin Guest, George Machado, Jen Waller<\/p>\n\n\n\n<p style=\"color:#333333\" class=\"has-text-color has-small-font-size\">Teilnehmer_innen am Workshop in New York: Nicole Carty, Austin Guest, Zak Solomon, Danny Valdes<br>\u00dcbersetzungen f\u00fcr englische Untertitel: Cora Sueldo, H\u00e9ctor Pojomovsky, Martha Viniegra, Giannis Papadimitriou, Alexandros Papageorgiou<br>\u00dcbersetzung f\u00fcr deutsche Untertitel: Colette Schmidt<br>Produktionsassistenz: Katarzyna Winiecka und Rafael S\u00e1nchez Mateos (Madrid), Giannis Papadimitriou (Athen)<br>Besonderer Dank gilt Maren Richter (k\u00fcnstlerische Direktorin der REGIONALE12), Vasilis Alexakis, Dario Azzellini, Enrique Garc\u00eda Camarero, Raquel Garcia Carrillo, Beka Economopoulos, Marcelo Exp\u00f3sito, Pavlos Hatzopoulos, Elisabeth Lorenzi, Carlos Motta, Alan W. Moore, Marina Sitrin, Aitor Tinoco i Girona, Nato Thompson<br>F\u00f6rderungen: REGIONALE12, Cine Art<\/p>\n\n\n\n<div style=\"height:40px\" aria-hidden=\"true\" class=\"wp-block-spacer\"><\/div>\n","protected":false},"excerpt":{"rendered":"<p>Eine 3-Kanal-Videoinstallation von Oliver Ressler 89 min. (gesamt), HD, AT 2012 Die 2011 aufgekommenen Platzbesetzungsbewegungen und die Occupy Bewegung k\u00f6nnen als eine Reaktion von Menschen gesehen werden, die sich gegen die massive Zunahme gesellschaftlicher Ungleichheiten und den Abbau von Demokratie in Zeiten der globalen Finanz- und Wirtschaftskrise zur Wehr setzen. Die Platzbesetzungsbewegungen sind nicht-hierarchisch strukturiert, [&hellip;]<\/p>\n","protected":false},"author":3,"featured_media":1300,"comment_status":"closed","ping_status":"closed","sticky":false,"template":"","format":"standard","meta":{"_acf_changed":false,"footnotes":""},"categories":[4,6],"tags":[60,110,9,51,53,56,55],"class_list":["post-3507","post","type-post","status-publish","format-standard","has-post-thumbnail","hentry","category-filme","category-installationen","tag-alle","tag-alternativen","tag-demokratie","tag-globalisierungskritik","tag-oekonomie","tag-soziale-bewegungen","tag-widerstand"],"acf":[],"_links":{"self":[{"href":"https:\/\/www.ressler.at\/de\/wp-json\/wp\/v2\/posts\/3507","targetHints":{"allow":["GET"]}}],"collection":[{"href":"https:\/\/www.ressler.at\/de\/wp-json\/wp\/v2\/posts"}],"about":[{"href":"https:\/\/www.ressler.at\/de\/wp-json\/wp\/v2\/types\/post"}],"author":[{"embeddable":true,"href":"https:\/\/www.ressler.at\/de\/wp-json\/wp\/v2\/users\/3"}],"replies":[{"embeddable":true,"href":"https:\/\/www.ressler.at\/de\/wp-json\/wp\/v2\/comments?post=3507"}],"version-history":[{"count":6,"href":"https:\/\/www.ressler.at\/de\/wp-json\/wp\/v2\/posts\/3507\/revisions"}],"predecessor-version":[{"id":5173,"href":"https:\/\/www.ressler.at\/de\/wp-json\/wp\/v2\/posts\/3507\/revisions\/5173"}],"wp:featuredmedia":[{"embeddable":true,"href":"https:\/\/www.ressler.at\/de\/wp-json\/wp\/v2\/media\/1300"}],"wp:attachment":[{"href":"https:\/\/www.ressler.at\/de\/wp-json\/wp\/v2\/media?parent=3507"}],"wp:term":[{"taxonomy":"category","embeddable":true,"href":"https:\/\/www.ressler.at\/de\/wp-json\/wp\/v2\/categories?post=3507"},{"taxonomy":"post_tag","embeddable":true,"href":"https:\/\/www.ressler.at\/de\/wp-json\/wp\/v2\/tags?post=3507"}],"curies":[{"name":"wp","href":"https:\/\/api.w.org\/{rel}","templated":true}]}}